{"id":7316,"date":"2022-10-11T15:35:05","date_gmt":"2022-10-11T18:35:05","guid":{"rendered":"https:\/\/packem.com.br\/2022\/10\/11\/bigbag-pet-e-pauta-de-materia-no-jornal-o-globo\/"},"modified":"2022-11-01T11:36:14","modified_gmt":"2022-11-01T14:36:14","slug":"bigbag-pet-e-pauta-de-materia-no-jornal-o-globo","status":"publish","type":"post","link":"https:\/\/packem.com.br\/es\/2022\/10\/11\/bigbag-pet-e-pauta-de-materia-no-jornal-o-globo\/","title":{"rendered":"BIGBAG PET ES EL TEMA DE UN ART\u00cdCULO EN EL PERI\u00d3DICO O GLOBO"},"content":{"rendered":"\n<h1 class=\"wp-block-heading\">Crecer con el agro: Packem lanza \u00abbig bags\u00bb sostenibles para el grano y abre f\u00e1bricas en Brasil e India<\/h1>\n\n<p class=\"wp-block-paragraph\">Por Glauce Cavalcanti &#8211; R\u00edo<\/p>\n\n<p class=\"wp-block-paragraph\">11\/10\/2022 07h00<\/p>\n\n<figure class=\"wp-block-image size-large is-resized\"><img data-recalc-dims=\"1\" loading=\"lazy\" decoding=\"async\" src=\"https:\/\/i0.wp.com\/packem.com.br\/wp-content\/uploads\/2022\/10\/bag.png?resize=625%2C637&#038;ssl=1\" alt=\"\" class=\"wp-image-7305\" width=\"625\" height=\"637\" srcset=\"https:\/\/i0.wp.com\/packem.com.br\/wp-content\/uploads\/2022\/10\/bag.png?resize=1004%2C1024&amp;ssl=1 1004w, https:\/\/i0.wp.com\/packem.com.br\/wp-content\/uploads\/2022\/10\/bag.png?resize=294%2C300&amp;ssl=1 294w, https:\/\/i0.wp.com\/packem.com.br\/wp-content\/uploads\/2022\/10\/bag.png?resize=768%2C783&amp;ssl=1 768w, https:\/\/i0.wp.com\/packem.com.br\/wp-content\/uploads\/2022\/10\/bag.png?resize=1200%2C1224&amp;ssl=1 1200w, https:\/\/i0.wp.com\/packem.com.br\/wp-content\/uploads\/2022\/10\/bag.png?w=1242&amp;ssl=1 1242w\" sizes=\"auto, (max-width: 625px) 100vw, 625px\" \/><\/figure>\n<p class=\"wp-block-paragraph\">La empresa Packem, con sede en Santa Catarina, ha desarrollado contenedores flexibles (big bags), envases utilizados para el transporte y envasado de granos, desde la soja hasta el mineral, que son sostenibles. Se fabrican con resina PET, en sustituci\u00f3n de la resina de polipropileno, y son reciclables. La empresa inaugura una f\u00e1brica en Santa Catarina y, el a\u00f1o que viene, en la India.<\/p>\n\n<p class=\"wp-block-paragraph\">La empresa Packem, con sede en Santa Catarina, que fabrica contenedores flexibles (big bags), envases de resina de polipropileno para el transporte y envasado industrial de granos, con capacidad de 500 kilos a 2 toneladas, est\u00e1 introduciendo una versi\u00f3n sostenible del producto, hecha de resina PET. Sirve a la agroindustria, la miner\u00eda y otros sectores. La primera f\u00e1brica empieza a funcionar en noviembre, en Aurora (SC). En 2023, la empresa tendr\u00e1 una unidad de fabricaci\u00f3n en la India.<\/p>\n\n<p class=\"wp-block-paragraph\">-Tenemos el primer proyecto del mundo que sustituye la resina de polipropileno por la de PET en la producci\u00f3n de <em>big bags<\/em>. Dar\u00e1 circularidad al producto, que podr\u00e1 ser devuelto y transformado en nuevos envases &#8211; explica Eduardo Santos Neto, director general de Packem.<\/p>\n\n<p class=\"wp-block-paragraph\">La empresa tiene capacidad para producir seis millones de <em>big bags <\/em>de polipropileno al a\u00f1o, y ya cuenta con seis unidades en Santa Catarina, Rio Grande do Sul y Minas Gerais.<\/p>\n\n<p class=\"wp-block-paragraph\">La innovaci\u00f3n es el resultado de un viaje de dos a\u00f1os, iniciado por la \u00abprovocaci\u00f3n\u00bb de Yara, una multinacional de fertilizantes, que buscaba una opci\u00f3n m\u00e1s sostenible en los contenedores, dice Neto.<\/p>\n\n<p class=\"wp-block-paragraph\"><\/p>\n\n<p class=\"wp-block-paragraph\">&#8211; Se trata de un proyecto de 80 millones de reales, en asociaci\u00f3n con la empresa austriaca Stalinger, propietaria de la tecnolog\u00eda para fabricar el nuevo producto, y garantizado por un contrato de compra para la producci\u00f3n inicial de Yara -dice, explicando que no hay exclusividad en la asistencia a Yara.<\/p>\n\n<p class=\"wp-block-paragraph\">La unidad de resina de PET podr\u00e1 fabricar otros 3,2 millones de <em>big bags<\/em> al a\u00f1o. Y duplicar\u00e1 ese total para 2025. Se prev\u00e9 que la facturaci\u00f3n de Packem en 2022 crezca al menos un 30% con respecto a 2021.<\/p>\n\n<p class=\"wp-block-paragraph\">Ahora, la empresa ha creado una empresa conjunta con la india Umasree Texplast, socia desde hace m\u00e1s de una d\u00e9cada, y tendr\u00e1 una f\u00e1brica en India a mediados de 2023. Se trata de una inversi\u00f3n de 15 millones de d\u00f3lares, de los cuales el 51% corresponde a Packem.<\/p>\n\n<p class=\"wp-block-paragraph\">&#8211; Ser\u00e1 un puente hacia el mercado norteamericano y europeo, con un coste mucho m\u00e1s bajo que en Brasil -dice el ejecutivo-, ya que Packem tiene el 10% de su facturaci\u00f3n procedente de las exportaciones a los pa\u00edses sudamericanos. &#8211; Ya hay clientes de la operaci\u00f3n india que recibir\u00e1n lotes de la f\u00e1brica brasile\u00f1a antes de que la otra est\u00e9 lista.<\/p>\n\n<p class=\"wp-block-paragraph\">India representa la mitad del mercado mundial de <em>big bags<\/em>, seguida de China, Vietnam, Turqu\u00eda y M\u00e9xico. Se espera que la unidad india exporte el 90% de su producci\u00f3n.<\/p>\n\n<p class=\"wp-block-paragraph\">En la asociaci\u00f3n con Umasree, la capacidad de producci\u00f3n inicial es equivalente a la de la nueva f\u00e1brica de Brasil. Sin embargo, la demanda ser\u00e1 de <em>bolsas grandes<\/em> m\u00e1s peque\u00f1as, lo que permitir\u00e1 aumentar el n\u00famero de unidades.<\/p>\n\n<p class=\"wp-block-paragraph\"><\/p>\n\n<p class=\"wp-block-paragraph\"><\/p>\n\n<p class=\"wp-block-paragraph\"><\/p>\n\n<p class=\"wp-block-paragraph\"><\/p>\n","protected":false},"excerpt":{"rendered":"<p>Crecer con el agro: Packem lanza \u00abbig bags\u00bb sostenibles para el grano y abre f\u00e1bricas en Brasil e India Por Glauce Cavalcanti &#8211; R\u00edo 11\/10\/2022 07h00 La empresa Packem, con sede en Santa Catarina, ha desarrollado contenedores flexibles (big bags), envases utilizados para el transporte y envasado de granos, desde la soja hasta el mineral, [&hellip;]<\/p>\n","protected":false},"author":205111853,"featured_media":7357,"comment_status":"open","ping_status":"open","sticky":false,"template":"","format":"standard","meta":{"_coblocks_attr":"","_coblocks_dimensions":"","_coblocks_responsive_height":"","_coblocks_accordion_ie_support":"","_crdt_document":"","_jetpack_newsletter_access":"","_jetpack_dont_email_post_to_subs":false,"_jetpack_newsletter_tier_id":0,"_jetpack_memberships_contains_paywalled_content":false,"_jetpack_memberships_contains_paid_content":false,"footnotes":"","jetpack_publicize_message":"","jetpack_publicize_feature_enabled":true,"jetpack_social_post_already_shared":false,"jetpack_social_options":{"image_generator_settings":{"template":"highway","default_image_id":0,"font":"","enabled":false},"version":2},"_wpas_customize_per_network":false,"jetpack_post_was_ever_published":false},"categories":[773152,773025],"tags":[],"class_list":["post-7316","post","type-post","status-publish","format-standard","has-post-thumbnail","hentry","category-no-categorizado","category-packem-es"],"yoast_head":"<!-- This site is optimized with the Yoast SEO plugin v27.2 - https:\/\/yoast.com\/product\/yoast-seo-wordpress\/ -->\n<title>La mascota Bigbag aparecer\u00e1 en el peri\u00f3dico O Globo.<\/title>\n<meta name=\"description\" content=\"El Bigbag de Packem, fabricado con pet reciclado y reciclable, aparecer\u00e1 en el peri\u00f3dico O Globo.\" \/>\n<meta name=\"robots\" content=\"index, follow, max-snippet:-1, max-image-preview:large, max-video-preview:-1\" \/>\n<link rel=\"canonical\" href=\"https:\/\/packem.com.br\/2022\/10\/11\/bigbag-pet-e-pauta-de-materia-no-jornal-o-globo\/\" \/>\n<meta property=\"og:locale\" content=\"es_ES\" \/>\n<meta property=\"og:type\" content=\"article\" \/>\n<meta property=\"og:title\" content=\"La mascota Bigbag aparecer\u00e1 en el peri\u00f3dico O Globo.\" \/>\n<meta property=\"og:description\" content=\"El Bigbag de Packem, fabricado con pet reciclado y reciclable, aparecer\u00e1 en el peri\u00f3dico O Globo.\" \/>\n<meta property=\"og:url\" content=\"https:\/\/packem.com.br\/2022\/10\/11\/bigbag-pet-e-pauta-de-materia-no-jornal-o-globo\/\" \/>\n<meta property=\"og:site_name\" content=\"Packem\" \/>\n<meta property=\"article:published_time\" content=\"2022-10-11T18:35:05+00:00\" \/>\n<meta property=\"article:modified_time\" content=\"2022-11-01T14:36:14+00:00\" \/>\n<meta property=\"og:image\" content=\"https:\/\/i0.wp.com\/packem.com.br\/wp-content\/uploads\/2022\/10\/WhatsApp-Image-2022-10-24-at-12.09.34.jpeg?fit=1280%2C853&ssl=1\" \/>\n\t<meta property=\"og:image:width\" content=\"1280\" \/>\n\t<meta property=\"og:image:height\" content=\"853\" \/>\n\t<meta property=\"og:image:type\" content=\"image\/jpeg\" \/>\n<meta name=\"author\" content=\"Rodrigo Pijack\" \/>\n<meta name=\"twitter:card\" content=\"summary_large_image\" \/>\n<meta name=\"twitter:label1\" content=\"Escrito por\" \/>\n\t<meta name=\"twitter:data1\" content=\"Rodrigo Pijack\" \/>\n\t<meta name=\"twitter:label2\" content=\"Tiempo de lectura\" \/>\n\t<meta name=\"twitter:data2\" content=\"3 minutos\" \/>\n<script type=\"application\/ld+json\" class=\"yoast-schema-graph\">{\"@context\":\"https:\/\/schema.org\",\"@graph\":[{\"@type\":\"Article\",\"@id\":\"https:\/\/packem.com.br\/2022\/10\/11\/bigbag-pet-e-pauta-de-materia-no-jornal-o-globo\/#article\",\"isPartOf\":{\"@id\":\"https:\/\/packem.com.br\/2022\/10\/11\/bigbag-pet-e-pauta-de-materia-no-jornal-o-globo\/\"},\"author\":{\"name\":\"Rodrigo Pijack\",\"@id\":\"https:\/\/packem.com.br\/#\/schema\/person\/8285ef9fec7772e774b85a85bd024df9\"},\"headline\":\"BIGBAG PET ES EL TEMA DE UN ART\u00cdCULO EN EL PERI\u00d3DICO O GLOBO\",\"datePublished\":\"2022-10-11T18:35:05+00:00\",\"dateModified\":\"2022-11-01T14:36:14+00:00\",\"mainEntityOfPage\":{\"@id\":\"https:\/\/packem.com.br\/2022\/10\/11\/bigbag-pet-e-pauta-de-materia-no-jornal-o-globo\/\"},\"wordCount\":583,\"commentCount\":0,\"publisher\":{\"@id\":\"https:\/\/packem.com.br\/#organization\"},\"image\":{\"@id\":\"https:\/\/packem.com.br\/2022\/10\/11\/bigbag-pet-e-pauta-de-materia-no-jornal-o-globo\/#primaryimage\"},\"thumbnailUrl\":\"https:\/\/i0.wp.com\/packem.com.br\/wp-content\/uploads\/2022\/10\/WhatsApp-Image-2022-10-24-at-12.09.34.jpeg?fit=1280%2C853&ssl=1\",\"articleSection\":[\"no categorizado\",\"packem\"],\"inLanguage\":\"es\",\"potentialAction\":[{\"@type\":\"CommentAction\",\"name\":\"Comment\",\"target\":[\"https:\/\/packem.com.br\/2022\/10\/11\/bigbag-pet-e-pauta-de-materia-no-jornal-o-globo\/#respond\"]}]},{\"@type\":\"WebPage\",\"@id\":\"https:\/\/packem.com.br\/2022\/10\/11\/bigbag-pet-e-pauta-de-materia-no-jornal-o-globo\/\",\"url\":\"https:\/\/packem.com.br\/2022\/10\/11\/bigbag-pet-e-pauta-de-materia-no-jornal-o-globo\/\",\"name\":\"La mascota Bigbag aparecer\u00e1 en el peri\u00f3dico O Globo.\",\"isPartOf\":{\"@id\":\"https:\/\/packem.com.br\/#website\"},\"primaryImageOfPage\":{\"@id\":\"https:\/\/packem.com.br\/2022\/10\/11\/bigbag-pet-e-pauta-de-materia-no-jornal-o-globo\/#primaryimage\"},\"image\":{\"@id\":\"https:\/\/packem.com.br\/2022\/10\/11\/bigbag-pet-e-pauta-de-materia-no-jornal-o-globo\/#primaryimage\"},\"thumbnailUrl\":\"https:\/\/i0.wp.com\/packem.com.br\/wp-content\/uploads\/2022\/10\/WhatsApp-Image-2022-10-24-at-12.09.34.jpeg?fit=1280%2C853&ssl=1\",\"datePublished\":\"2022-10-11T18:35:05+00:00\",\"dateModified\":\"2022-11-01T14:36:14+00:00\",\"description\":\"El Bigbag de Packem, fabricado con pet reciclado y reciclable, aparecer\u00e1 en el peri\u00f3dico O Globo.\",\"breadcrumb\":{\"@id\":\"https:\/\/packem.com.br\/2022\/10\/11\/bigbag-pet-e-pauta-de-materia-no-jornal-o-globo\/#breadcrumb\"},\"inLanguage\":\"es\",\"potentialAction\":[{\"@type\":\"ReadAction\",\"target\":[\"https:\/\/packem.com.br\/2022\/10\/11\/bigbag-pet-e-pauta-de-materia-no-jornal-o-globo\/\"]}]},{\"@type\":\"ImageObject\",\"inLanguage\":\"es\",\"@id\":\"https:\/\/packem.com.br\/2022\/10\/11\/bigbag-pet-e-pauta-de-materia-no-jornal-o-globo\/#primaryimage\",\"url\":\"https:\/\/i0.wp.com\/packem.com.br\/wp-content\/uploads\/2022\/10\/WhatsApp-Image-2022-10-24-at-12.09.34.jpeg?fit=1280%2C853&ssl=1\",\"contentUrl\":\"https:\/\/i0.wp.com\/packem.com.br\/wp-content\/uploads\/2022\/10\/WhatsApp-Image-2022-10-24-at-12.09.34.jpeg?fit=1280%2C853&ssl=1\",\"width\":1280,\"height\":853},{\"@type\":\"BreadcrumbList\",\"@id\":\"https:\/\/packem.com.br\/2022\/10\/11\/bigbag-pet-e-pauta-de-materia-no-jornal-o-globo\/#breadcrumb\",\"itemListElement\":[{\"@type\":\"ListItem\",\"position\":1,\"name\":\"In\u00edcio\",\"item\":\"https:\/\/packem.com.br\/\"},{\"@type\":\"ListItem\",\"position\":2,\"name\":\"BIGBAG PET ES EL TEMA DE UN ART\u00cdCULO EN EL PERI\u00d3DICO O GLOBO\"}]},{\"@type\":\"WebSite\",\"@id\":\"https:\/\/packem.com.br\/#website\",\"url\":\"https:\/\/packem.com.br\/\",\"name\":\"Packem\",\"description\":\"O jeito inteligente de pensar embalagens\",\"publisher\":{\"@id\":\"https:\/\/packem.com.br\/#organization\"},\"potentialAction\":[{\"@type\":\"SearchAction\",\"target\":{\"@type\":\"EntryPoint\",\"urlTemplate\":\"https:\/\/packem.com.br\/?s={search_term_string}\"},\"query-input\":{\"@type\":\"PropertyValueSpecification\",\"valueRequired\":true,\"valueName\":\"search_term_string\"}}],\"inLanguage\":\"es\"},{\"@type\":\"Organization\",\"@id\":\"https:\/\/packem.com.br\/#organization\",\"name\":\"Packem S\/A\",\"url\":\"https:\/\/packem.com.br\/\",\"logo\":{\"@type\":\"ImageObject\",\"inLanguage\":\"es\",\"@id\":\"https:\/\/packem.com.br\/#\/schema\/logo\/image\/\",\"url\":\"https:\/\/i0.wp.com\/site.packem.com.br\/wp-content\/uploads\/2022\/01\/logo_packem.jpg?fit=1024%2C1024&ssl=1\",\"contentUrl\":\"https:\/\/i0.wp.com\/site.packem.com.br\/wp-content\/uploads\/2022\/01\/logo_packem.jpg?fit=1024%2C1024&ssl=1\",\"width\":1024,\"height\":1024,\"caption\":\"Packem S\/A\"},\"image\":{\"@id\":\"https:\/\/packem.com.br\/#\/schema\/logo\/image\/\"},\"sameAs\":[\"https:\/\/www.instagram.com\/packem.sa\",\"https:\/\/br.linkedin.com\/company\/packem\",\"https:\/\/www.youtube.com\/c\/PackemSA\"]},{\"@type\":\"Person\",\"@id\":\"https:\/\/packem.com.br\/#\/schema\/person\/8285ef9fec7772e774b85a85bd024df9\",\"name\":\"Rodrigo Pijack\",\"image\":{\"@type\":\"ImageObject\",\"inLanguage\":\"es\",\"@id\":\"https:\/\/secure.gravatar.com\/avatar\/b6ef5739df0f8b1e685a8509adf36786930fc73d720ed10fbf2209205ecf7d52?s=96&d=identicon&r=g\",\"url\":\"https:\/\/secure.gravatar.com\/avatar\/b6ef5739df0f8b1e685a8509adf36786930fc73d720ed10fbf2209205ecf7d52?s=96&d=identicon&r=g\",\"contentUrl\":\"https:\/\/secure.gravatar.com\/avatar\/b6ef5739df0f8b1e685a8509adf36786930fc73d720ed10fbf2209205ecf7d52?s=96&d=identicon&r=g\",\"caption\":\"Rodrigo Pijack\"},\"sameAs\":[\"http:\/\/www.packem.com.br\"],\"url\":\"https:\/\/packem.com.br\/es\/author\/rodrigo-pijack\/\"}]}<\/script>\n<!-- \/ Yoast SEO plugin. -->","yoast_head_json":{"title":"La mascota Bigbag aparecer\u00e1 en el peri\u00f3dico O Globo.","description":"El Bigbag de Packem, fabricado con pet reciclado y reciclable, aparecer\u00e1 en el peri\u00f3dico O Globo.","robots":{"index":"index","follow":"follow","max-snippet":"max-snippet:-1","max-image-preview":"max-image-preview:large","max-video-preview":"max-video-preview:-1"},"canonical":"https:\/\/packem.com.br\/2022\/10\/11\/bigbag-pet-e-pauta-de-materia-no-jornal-o-globo\/","og_locale":"es_ES","og_type":"article","og_title":"La mascota Bigbag aparecer\u00e1 en el peri\u00f3dico O Globo.","og_description":"El Bigbag de Packem, fabricado con pet reciclado y reciclable, aparecer\u00e1 en el peri\u00f3dico O Globo.","og_url":"https:\/\/packem.com.br\/2022\/10\/11\/bigbag-pet-e-pauta-de-materia-no-jornal-o-globo\/","og_site_name":"Packem","article_published_time":"2022-10-11T18:35:05+00:00","article_modified_time":"2022-11-01T14:36:14+00:00","og_image":[{"width":1280,"height":853,"url":"https:\/\/i0.wp.com\/packem.com.br\/wp-content\/uploads\/2022\/10\/WhatsApp-Image-2022-10-24-at-12.09.34.jpeg?fit=1280%2C853&ssl=1","type":"image\/jpeg"}],"author":"Rodrigo Pijack","twitter_card":"summary_large_image","twitter_misc":{"Escrito por":"Rodrigo Pijack","Tiempo de lectura":"3 minutos"},"schema":{"@context":"https:\/\/schema.org","@graph":[{"@type":"Article","@id":"https:\/\/packem.com.br\/2022\/10\/11\/bigbag-pet-e-pauta-de-materia-no-jornal-o-globo\/#article","isPartOf":{"@id":"https:\/\/packem.com.br\/2022\/10\/11\/bigbag-pet-e-pauta-de-materia-no-jornal-o-globo\/"},"author":{"name":"Rodrigo Pijack","@id":"https:\/\/packem.com.br\/#\/schema\/person\/8285ef9fec7772e774b85a85bd024df9"},"headline":"BIGBAG PET ES EL TEMA DE UN ART\u00cdCULO EN EL PERI\u00d3DICO O GLOBO","datePublished":"2022-10-11T18:35:05+00:00","dateModified":"2022-11-01T14:36:14+00:00","mainEntityOfPage":{"@id":"https:\/\/packem.com.br\/2022\/10\/11\/bigbag-pet-e-pauta-de-materia-no-jornal-o-globo\/"},"wordCount":583,"commentCount":0,"publisher":{"@id":"https:\/\/packem.com.br\/#organization"},"image":{"@id":"https:\/\/packem.com.br\/2022\/10\/11\/bigbag-pet-e-pauta-de-materia-no-jornal-o-globo\/#primaryimage"},"thumbnailUrl":"https:\/\/i0.wp.com\/packem.com.br\/wp-content\/uploads\/2022\/10\/WhatsApp-Image-2022-10-24-at-12.09.34.jpeg?fit=1280%2C853&ssl=1","articleSection":["no categorizado","packem"],"inLanguage":"es","potentialAction":[{"@type":"CommentAction","name":"Comment","target":["https:\/\/packem.com.br\/2022\/10\/11\/bigbag-pet-e-pauta-de-materia-no-jornal-o-globo\/#respond"]}]},{"@type":"WebPage","@id":"https:\/\/packem.com.br\/2022\/10\/11\/bigbag-pet-e-pauta-de-materia-no-jornal-o-globo\/","url":"https:\/\/packem.com.br\/2022\/10\/11\/bigbag-pet-e-pauta-de-materia-no-jornal-o-globo\/","name":"La mascota Bigbag aparecer\u00e1 en el peri\u00f3dico O Globo.","isPartOf":{"@id":"https:\/\/packem.com.br\/#website"},"primaryImageOfPage":{"@id":"https:\/\/packem.com.br\/2022\/10\/11\/bigbag-pet-e-pauta-de-materia-no-jornal-o-globo\/#primaryimage"},"image":{"@id":"https:\/\/packem.com.br\/2022\/10\/11\/bigbag-pet-e-pauta-de-materia-no-jornal-o-globo\/#primaryimage"},"thumbnailUrl":"https:\/\/i0.wp.com\/packem.com.br\/wp-content\/uploads\/2022\/10\/WhatsApp-Image-2022-10-24-at-12.09.34.jpeg?fit=1280%2C853&ssl=1","datePublished":"2022-10-11T18:35:05+00:00","dateModified":"2022-11-01T14:36:14+00:00","description":"El Bigbag de Packem, fabricado con pet reciclado y reciclable, aparecer\u00e1 en el peri\u00f3dico O Globo.","breadcrumb":{"@id":"https:\/\/packem.com.br\/2022\/10\/11\/bigbag-pet-e-pauta-de-materia-no-jornal-o-globo\/#breadcrumb"},"inLanguage":"es","potentialAction":[{"@type":"ReadAction","target":["https:\/\/packem.com.br\/2022\/10\/11\/bigbag-pet-e-pauta-de-materia-no-jornal-o-globo\/"]}]},{"@type":"ImageObject","inLanguage":"es","@id":"https:\/\/packem.com.br\/2022\/10\/11\/bigbag-pet-e-pauta-de-materia-no-jornal-o-globo\/#primaryimage","url":"https:\/\/i0.wp.com\/packem.com.br\/wp-content\/uploads\/2022\/10\/WhatsApp-Image-2022-10-24-at-12.09.34.jpeg?fit=1280%2C853&ssl=1","contentUrl":"https:\/\/i0.wp.com\/packem.com.br\/wp-content\/uploads\/2022\/10\/WhatsApp-Image-2022-10-24-at-12.09.34.jpeg?fit=1280%2C853&ssl=1","width":1280,"height":853},{"@type":"BreadcrumbList","@id":"https:\/\/packem.com.br\/2022\/10\/11\/bigbag-pet-e-pauta-de-materia-no-jornal-o-globo\/#breadcrumb","itemListElement":[{"@type":"ListItem","position":1,"name":"In\u00edcio","item":"https:\/\/packem.com.br\/"},{"@type":"ListItem","position":2,"name":"BIGBAG PET ES EL TEMA DE UN ART\u00cdCULO EN EL PERI\u00d3DICO O GLOBO"}]},{"@type":"WebSite","@id":"https:\/\/packem.com.br\/#website","url":"https:\/\/packem.com.br\/","name":"Packem","description":"O jeito inteligente de pensar embalagens","publisher":{"@id":"https:\/\/packem.com.br\/#organization"},"potentialAction":[{"@type":"SearchAction","target":{"@type":"EntryPoint","urlTemplate":"https:\/\/packem.com.br\/?s={search_term_string}"},"query-input":{"@type":"PropertyValueSpecification","valueRequired":true,"valueName":"search_term_string"}}],"inLanguage":"es"},{"@type":"Organization","@id":"https:\/\/packem.com.br\/#organization","name":"Packem S\/A","url":"https:\/\/packem.com.br\/","logo":{"@type":"ImageObject","inLanguage":"es","@id":"https:\/\/packem.com.br\/#\/schema\/logo\/image\/","url":"https:\/\/i0.wp.com\/site.packem.com.br\/wp-content\/uploads\/2022\/01\/logo_packem.jpg?fit=1024%2C1024&ssl=1","contentUrl":"https:\/\/i0.wp.com\/site.packem.com.br\/wp-content\/uploads\/2022\/01\/logo_packem.jpg?fit=1024%2C1024&ssl=1","width":1024,"height":1024,"caption":"Packem S\/A"},"image":{"@id":"https:\/\/packem.com.br\/#\/schema\/logo\/image\/"},"sameAs":["https:\/\/www.instagram.com\/packem.sa","https:\/\/br.linkedin.com\/company\/packem","https:\/\/www.youtube.com\/c\/PackemSA"]},{"@type":"Person","@id":"https:\/\/packem.com.br\/#\/schema\/person\/8285ef9fec7772e774b85a85bd024df9","name":"Rodrigo Pijack","image":{"@type":"ImageObject","inLanguage":"es","@id":"https:\/\/secure.gravatar.com\/avatar\/b6ef5739df0f8b1e685a8509adf36786930fc73d720ed10fbf2209205ecf7d52?s=96&d=identicon&r=g","url":"https:\/\/secure.gravatar.com\/avatar\/b6ef5739df0f8b1e685a8509adf36786930fc73d720ed10fbf2209205ecf7d52?s=96&d=identicon&r=g","contentUrl":"https:\/\/secure.gravatar.com\/avatar\/b6ef5739df0f8b1e685a8509adf36786930fc73d720ed10fbf2209205ecf7d52?s=96&d=identicon&r=g","caption":"Rodrigo Pijack"},"sameAs":["http:\/\/www.packem.com.br"],"url":"https:\/\/packem.com.br\/es\/author\/rodrigo-pijack\/"}]}},"jetpack_publicize_connections":[],"jetpack_featured_media_url":"https:\/\/i0.wp.com\/packem.com.br\/wp-content\/uploads\/2022\/10\/WhatsApp-Image-2022-10-24-at-12.09.34.jpeg?fit=1280%2C853&ssl=1","jetpack_sharing_enabled":true,"jetpack_likes_enabled":false,"jetpack_shortlink":"https:\/\/wp.me\/pdqkgh-1U0","amp_enabled":true,"_links":{"self":[{"href":"https:\/\/packem.com.br\/es\/wp-json\/wp\/v2\/posts\/7316","targetHints":{"allow":["GET"]}}],"collection":[{"href":"https:\/\/packem.com.br\/es\/wp-json\/wp\/v2\/posts"}],"about":[{"href":"https:\/\/packem.com.br\/es\/wp-json\/wp\/v2\/types\/post"}],"author":[{"embeddable":true,"href":"https:\/\/packem.com.br\/es\/wp-json\/wp\/v2\/users\/205111853"}],"replies":[{"embeddable":true,"href":"https:\/\/packem.com.br\/es\/wp-json\/wp\/v2\/comments?post=7316"}],"version-history":[{"count":3,"href":"https:\/\/packem.com.br\/es\/wp-json\/wp\/v2\/posts\/7316\/revisions"}],"predecessor-version":[{"id":7346,"href":"https:\/\/packem.com.br\/es\/wp-json\/wp\/v2\/posts\/7316\/revisions\/7346"}],"wp:featuredmedia":[{"embeddable":true,"href":"https:\/\/packem.com.br\/es\/wp-json\/wp\/v2\/media\/7357"}],"wp:attachment":[{"href":"https:\/\/packem.com.br\/es\/wp-json\/wp\/v2\/media?parent=7316"}],"wp:term":[{"taxonomy":"category","embeddable":true,"href":"https:\/\/packem.com.br\/es\/wp-json\/wp\/v2\/categories?post=7316"},{"taxonomy":"post_tag","embeddable":true,"href":"https:\/\/packem.com.br\/es\/wp-json\/wp\/v2\/tags?post=7316"}],"curies":[{"name":"wp","href":"https:\/\/api.w.org\/{rel}","templated":true}]}}